{"id":461,"date":"2021-02-14T16:00:00","date_gmt":"2021-02-14T15:00:00","guid":{"rendered":"http:\/\/dorf-hexen.de\/wp\/?p=461"},"modified":"2021-08-22T10:43:40","modified_gmt":"2021-08-22T08:43:40","slug":"dorfhexen-helles-dunkles","status":"publish","type":"post","link":"https:\/\/dorf-hexen.de\/wp\/2021\/02\/14\/dorfhexen-helles-dunkles\/","title":{"rendered":"Dorfhexen Helles &#038; Dunkles"},"content":{"rendered":"\n<p>Erfrischung gef\u00e4llig? \ud83c\udf7a<br>\ud83d\udc9a\u2764\ufe0f\ud83d\udda4<br>Braufrisch und herrlich zart im Abgang: die neuen Sorten DORFHEXEN HELLES und DORFHEXEN DUNKLES! Handgemacht und sofort erh\u00e4ltlich.<br>Ideal auch f\u00fcr die Fastenzeit \ud83e\udd24\ud83e\udd24\ud83e\udd24\ud83e\udd24\ud83e\udd24<br>\ud83d\udda4\u2764\ufe0f\ud83d\udc9a<br>#dorfhexen #bier #braukunst #hexen #kolbingen #helles #tulpe #pils #beer #hopfen #malz #lawine #fasnet #2021 #handmade #handgemacht #dunkles<\/p>\n\n\n\n<figure class=\"wp-block-image size-large\"><img data-recalc-dims=\"1\" loading=\"lazy\" decoding=\"async\" width=\"1024\" height=\"512\" data-attachment-id=\"456\" data-permalink=\"https:\/\/dorf-hexen.de\/wp\/beispiel-seite\/img_3673\/\" data-orig-file=\"https:\/\/i0.wp.com\/dorf-hexen.de\/wp\/wp-content\/uploads\/2021\/02\/IMG_3673-scaled-e1613918705382.jpg?fit=2560%2C1280&amp;ssl=1\" data-orig-size=\"2560,1280\" data-comments-opened=\"0\" data-image-meta=\"{&quot;aperture&quot;:&quot;1.8&quot;,&quot;credit&quot;:&quot;&quot;,&quot;camera&quot;:&quot;iPhone 8&quot;,&quot;caption&quot;:&quot;&quot;,&quot;created_timestamp&quot;:&quot;1613315348&quot;,&quot;copyright&quot;:&quot;&quot;,&quot;focal_length&quot;:&quot;3.99&quot;,&quot;iso&quot;:&quot;20&quot;,&quot;shutter_speed&quot;:&quot;0.000521104742053&quot;,&quot;title&quot;:&quot;&quot;,&quot;orientation&quot;:&quot;1&quot;}\" data-image-title=\"IMG_3673\" data-image-description=\"\" data-image-caption=\"\" data-large-file=\"https:\/\/i0.wp.com\/dorf-hexen.de\/wp\/wp-content\/uploads\/2021\/02\/IMG_3673-scaled-e1613918705382.jpg?fit=1024%2C512&amp;ssl=1\" src=\"https:\/\/i0.wp.com\/dorf-hexen.de\/wp\/wp-content\/uploads\/2021\/02\/IMG_3673-scaled-e1613918705382-1024x512.jpg?resize=1024%2C512&#038;ssl=1\" alt=\"Dorfhexenbier\" class=\"wp-image-456\" srcset=\"https:\/\/i0.wp.com\/dorf-hexen.de\/wp\/wp-content\/uploads\/2021\/02\/IMG_3673-scaled-e1613918705382.jpg?resize=1024%2C512&amp;ssl=1 1024w, https:\/\/i0.wp.com\/dorf-hexen.de\/wp\/wp-content\/uploads\/2021\/02\/IMG_3673-scaled-e1613918705382.jpg?resize=300%2C150&amp;ssl=1 300w, https:\/\/i0.wp.com\/dorf-hexen.de\/wp\/wp-content\/uploads\/2021\/02\/IMG_3673-scaled-e1613918705382.jpg?resize=768%2C384&amp;ssl=1 768w, https:\/\/i0.wp.com\/dorf-hexen.de\/wp\/wp-content\/uploads\/2021\/02\/IMG_3673-scaled-e1613918705382.jpg?resize=1536%2C768&amp;ssl=1 1536w, https:\/\/i0.wp.com\/dorf-hexen.de\/wp\/wp-content\/uploads\/2021\/02\/IMG_3673-scaled-e1613918705382.jpg?resize=2048%2C1024&amp;ssl=1 2048w, https:\/\/i0.wp.com\/dorf-hexen.de\/wp\/wp-content\/uploads\/2021\/02\/IMG_3673-scaled-e1613918705382.jpg?resize=830%2C415&amp;ssl=1 830w, https:\/\/i0.wp.com\/dorf-hexen.de\/wp\/wp-content\/uploads\/2021\/02\/IMG_3673-scaled-e1613918705382.jpg?resize=230%2C115&amp;ssl=1 230w, https:\/\/i0.wp.com\/dorf-hexen.de\/wp\/wp-content\/uploads\/2021\/02\/IMG_3673-scaled-e1613918705382.jpg?resize=350%2C175&amp;ssl=1 350w, https:\/\/i0.wp.com\/dorf-hexen.de\/wp\/wp-content\/uploads\/2021\/02\/IMG_3673-scaled-e1613918705382.jpg?resize=480%2C240&amp;ssl=1 480w\" sizes=\"auto, (max-width: 1000px) 100vw, 1000px\" \/><\/figure>\n","protected":false},"excerpt":{"rendered":"<p>Erfrischung gef\u00e4llig? \ud83c\udf7a\ud83d\udc9a\u2764\ufe0f\ud83d\udda4Braufrisch und herrlich zart im Abgang: die neuen Sorten DORFHEXEN HELLES und DORFHEXEN DUNKLES! Handgemacht und sofort erh\u00e4ltlich.Ideal auch f\u00fcr die Fastenzeit \ud83e\udd24\ud83e\udd24\ud83e\udd24\ud83e\udd24\ud83e\udd24\ud83d\udda4\u2764\ufe0f\ud83d\udc9a#dorfhexen #bier #braukunst #hexen #kolbingen #helles #tulpe #pils #beer #hopfen #malz #lawine #fasnet #2021 #handmade #handgemacht #dunkles<\/p>\n","protected":false},"author":1,"featured_media":456,"comment_status":"open","ping_status":"open","sticky":false,"template":"","format":"standard","meta":{"jetpack_post_was_ever_published":false,"_jetpack_newsletter_access":"","_jetpack_dont_email_post_to_subs":false,"_jetpack_newsletter_tier_id":0,"_jetpack_memberships_contains_paywalled_content":false,"_jetpack_memberships_contains_paid_content":false,"footnotes":"","jetpack_publicize_message":"","jetpack_publicize_feature_enabled":true,"jetpack_social_post_already_shared":true,"jetpack_social_options":{"image_generator_settings":{"template":"highway","default_image_id":0,"font":"","enabled":false},"version":2}},"categories":[1],"tags":[],"class_list":["post-461","post","type-post","status-publish","format-standard","has-post-thumbnail","hentry","category-allgemein"],"jetpack_publicize_connections":[],"jetpack_featured_media_url":"https:\/\/i0.wp.com\/dorf-hexen.de\/wp\/wp-content\/uploads\/2021\/02\/IMG_3673-scaled-e1613918705382.jpg?fit=2560%2C1280&ssl=1","jetpack_sharing_enabled":true,"jetpack_shortlink":"https:\/\/wp.me\/pazqg3-7r","jetpack-related-posts":[{"id":2809,"url":"https:\/\/dorf-hexen.de\/wp\/2023\/01\/29\/umzuege-spaichingen-und-aldingen\/","url_meta":{"origin":461,"position":0},"title":"Spaichingen und Aldingen 2023","author":"Medienhex","date":"29. Januar 2023","format":false,"excerpt":"\u2764\ufe0f\ud83d\udda4\ud83d\udc9a Vielen Dank an die Z\u00fcnfte aus Spaichingen und Aldingen f\u00fcr das grandiose Wochenende... \" Tage Dorfhexen mit Nachtumzug in Spaichingen und Umzug in Aldingen. Wir hatten mega Spa\u00df und freuen uns wieder zu kommen. \u2764\ufe0f\ud83d\udda4\ud83d\udc9a","rel":"","context":"In &quot;News&quot;","block_context":{"text":"News","link":"https:\/\/dorf-hexen.de\/wp\/category\/news\/"},"img":{"alt_text":"","src":"https:\/\/i0.wp.com\/dorf-hexen.de\/wp\/wp-content\/uploads\/2023\/01\/Umzug_Spaichingen-02_2023-01-29.jpeg?fit=904%2C1200&ssl=1&resize=350%2C200","width":350,"height":200,"srcset":"https:\/\/i0.wp.com\/dorf-hexen.de\/wp\/wp-content\/uploads\/2023\/01\/Umzug_Spaichingen-02_2023-01-29.jpeg?fit=904%2C1200&ssl=1&resize=350%2C200 1x, https:\/\/i0.wp.com\/dorf-hexen.de\/wp\/wp-content\/uploads\/2023\/01\/Umzug_Spaichingen-02_2023-01-29.jpeg?fit=904%2C1200&ssl=1&resize=525%2C300 1.5x, https:\/\/i0.wp.com\/dorf-hexen.de\/wp\/wp-content\/uploads\/2023\/01\/Umzug_Spaichingen-02_2023-01-29.jpeg?fit=904%2C1200&ssl=1&resize=700%2C400 2x"},"classes":[]},{"id":2775,"url":"https:\/\/dorf-hexen.de\/wp\/2023\/01\/24\/kreenheinstetten-2023\/","url_meta":{"origin":461,"position":1},"title":"Kreenheinstetten 2023","author":"Medienhex","date":"24. Januar 2023","format":false,"excerpt":"\u2764\ufe0f\ud83d\udda4\ud83d\udc9a Danke an die Waldgeisterzunft Kreenheinstetten f\u00fcr das tolle Wochenende mit Nachtumzug am Freitag und dem gro\u00dfen Jubil\u00e4umsumzug am Sonntag mit tausenden H\u00e4str\u00e4gern und Zuschauern. Hat uns mega Spa\u00df gemacht. \u2764\ufe0f\ud83d\udda4\ud83d\udc9a","rel":"","context":"In &quot;News&quot;","block_context":{"text":"News","link":"https:\/\/dorf-hexen.de\/wp\/category\/news\/"},"img":{"alt_text":"","src":"https:\/\/i0.wp.com\/dorf-hexen.de\/wp\/wp-content\/uploads\/2023\/01\/Kreenheinstettem_2023.jpeg?fit=900%2C1200&ssl=1&resize=350%2C200","width":350,"height":200,"srcset":"https:\/\/i0.wp.com\/dorf-hexen.de\/wp\/wp-content\/uploads\/2023\/01\/Kreenheinstettem_2023.jpeg?fit=900%2C1200&ssl=1&resize=350%2C200 1x, https:\/\/i0.wp.com\/dorf-hexen.de\/wp\/wp-content\/uploads\/2023\/01\/Kreenheinstettem_2023.jpeg?fit=900%2C1200&ssl=1&resize=525%2C300 1.5x, https:\/\/i0.wp.com\/dorf-hexen.de\/wp\/wp-content\/uploads\/2023\/01\/Kreenheinstettem_2023.jpeg?fit=900%2C1200&ssl=1&resize=700%2C400 2x"},"classes":[]},{"id":2579,"url":"https:\/\/dorf-hexen.de\/wp\/2023\/01\/15\/nachtumzug-heinstetten-2023\/","url_meta":{"origin":461,"position":2},"title":"Nachtumzug Heinstetten 2023","author":"Medienhex","date":"15. Januar 2023","format":false,"excerpt":"\u2764\ufe0f\ud83d\udda4\ud83d\udc9a Der Nachtumzug in Heinstetten war ein voller Erfolg. Nach 2 Jahren Abstinenz konnten wir endlich wieder durch die L\u00fcfte fliegen, umtreiben, zusammen im Umzug laufen uvm. \u2764\ufe0f\ud83d\udda4\ud83d\udc9a","rel":"","context":"In &quot;News&quot;","block_context":{"text":"News","link":"https:\/\/dorf-hexen.de\/wp\/category\/news\/"},"img":{"alt_text":"","src":"https:\/\/i0.wp.com\/dorf-hexen.de\/wp\/wp-content\/uploads\/2023\/01\/Heinstetten_2023_02.jpg?fit=900%2C1200&ssl=1&resize=350%2C200","width":350,"height":200,"srcset":"https:\/\/i0.wp.com\/dorf-hexen.de\/wp\/wp-content\/uploads\/2023\/01\/Heinstetten_2023_02.jpg?fit=900%2C1200&ssl=1&resize=350%2C200 1x, https:\/\/i0.wp.com\/dorf-hexen.de\/wp\/wp-content\/uploads\/2023\/01\/Heinstetten_2023_02.jpg?fit=900%2C1200&ssl=1&resize=525%2C300 1.5x, https:\/\/i0.wp.com\/dorf-hexen.de\/wp\/wp-content\/uploads\/2023\/01\/Heinstetten_2023_02.jpg?fit=900%2C1200&ssl=1&resize=700%2C400 2x"},"classes":[]},{"id":3954,"url":"https:\/\/dorf-hexen.de\/wp\/2023\/10\/15\/die-dorfhexen-kolbingen-e-v-wachsen\/","url_meta":{"origin":461,"position":3},"title":"Die Dorfhexen Kolbingen e.V. wachsen","author":"Medienhex","date":"15. Oktober 2023","format":false,"excerpt":"Der Zuwachs der Dorfhexen Kolbingen e.V. ist ungebrochen. Trotz der Neugr\u00fcndung w\u00e4hrend Corona sind die Mitgliedszahlen der Dorfhexen Kolbingen e.V. stetig gewachsen. Neben vielen Althexen konnten wir auch einen ernormen Zugewinn an Neuhexen erleben. Aktuell bestehen die Dorfhexen Kolbingen e.V. aus 151 aktiven Mitgliedern (\u00fcber 16 Jahren) und 45 Kindern\u2026","rel":"","context":"In &quot;Intern&quot;","block_context":{"text":"Intern","link":"https:\/\/dorf-hexen.de\/wp\/category\/interne-news\/"},"img":{"alt_text":"","src":"https:\/\/i0.wp.com\/dorf-hexen.de\/wp\/wp-content\/uploads\/2023\/01\/IMG_0535.jpg?fit=1200%2C904&ssl=1&resize=350%2C200","width":350,"height":200,"srcset":"https:\/\/i0.wp.com\/dorf-hexen.de\/wp\/wp-content\/uploads\/2023\/01\/IMG_0535.jpg?fit=1200%2C904&ssl=1&resize=350%2C200 1x, https:\/\/i0.wp.com\/dorf-hexen.de\/wp\/wp-content\/uploads\/2023\/01\/IMG_0535.jpg?fit=1200%2C904&ssl=1&resize=525%2C300 1.5x, https:\/\/i0.wp.com\/dorf-hexen.de\/wp\/wp-content\/uploads\/2023\/01\/IMG_0535.jpg?fit=1200%2C904&ssl=1&resize=700%2C400 2x, https:\/\/i0.wp.com\/dorf-hexen.de\/wp\/wp-content\/uploads\/2023\/01\/IMG_0535.jpg?fit=1200%2C904&ssl=1&resize=1050%2C600 3x"},"classes":[]},{"id":3851,"url":"https:\/\/dorf-hexen.de\/wp\/2023\/08\/11\/kinderferienprogramm-der-dorfhexen-kolbingen-e-v\/","url_meta":{"origin":461,"position":4},"title":"Kinderferienprogramm der Dorfhexen Kolbingen e.V.","author":"Medienhex","date":"11. August 2023","format":false,"excerpt":"Das Kinderferienprogramm 2023 der Dorfhexen Kolbingen an der Festbuche war zweifellos ein gro\u00dfer Erfolg. Die Kinder konnten ihre kreativen F\u00e4higkeiten entfalten, spannende Abenteuer erleben und leckeres Essen genie\u00dfen. In diesem Sommer veranstalteten die Dorfhexen Kolbingen an der Festbuche ein aufregendes Kinderferienprogramm, das die jungen Teilnehmer begeisterte. Die Hauptaktivit\u00e4t des Tages\u2026","rel":"","context":"In &quot;News&quot;","block_context":{"text":"News","link":"https:\/\/dorf-hexen.de\/wp\/category\/news\/"},"img":{"alt_text":"","src":"https:\/\/i0.wp.com\/dorf-hexen.de\/wp\/wp-content\/uploads\/2023\/10\/Dorfhexen_KiFePro_2023_-13.jpg?fit=1200%2C900&ssl=1&resize=350%2C200","width":350,"height":200,"srcset":"https:\/\/i0.wp.com\/dorf-hexen.de\/wp\/wp-content\/uploads\/2023\/10\/Dorfhexen_KiFePro_2023_-13.jpg?fit=1200%2C900&ssl=1&resize=350%2C200 1x, https:\/\/i0.wp.com\/dorf-hexen.de\/wp\/wp-content\/uploads\/2023\/10\/Dorfhexen_KiFePro_2023_-13.jpg?fit=1200%2C900&ssl=1&resize=525%2C300 1.5x, https:\/\/i0.wp.com\/dorf-hexen.de\/wp\/wp-content\/uploads\/2023\/10\/Dorfhexen_KiFePro_2023_-13.jpg?fit=1200%2C900&ssl=1&resize=700%2C400 2x, https:\/\/i0.wp.com\/dorf-hexen.de\/wp\/wp-content\/uploads\/2023\/10\/Dorfhexen_KiFePro_2023_-13.jpg?fit=1200%2C900&ssl=1&resize=1050%2C600 3x"},"classes":[]},{"id":7253,"url":"https:\/\/dorf-hexen.de\/wp\/2024\/12\/23\/hexentaufe-am-04-01-2025\/","url_meta":{"origin":461,"position":5},"title":"Hexentaufe am 04.01.2025","author":"Medienhex","date":"23. Dezember 2024","format":false,"excerpt":"Hallo Hexengemeinde \ud83d\udc9a\u2665\ufe0f\ud83d\udda4 bald ist es soweit:die heilige Hexentaufe am 04.01.2025 - ab 17:30 Uhr am Flatz! Hierzu sind alle herzlich eingeladen! Treffpunkte ab 17:00 Uhr mit Abholung, unterst\u00fctzt durch unser Flaggschiff, haben wir f\u00fcr euch imAnhang zusammengefasst. Wir freuen uns auf viele Schaulustige, welche die Hexentaufe f\u00fcr alle einmalig\u2026","rel":"","context":"In &quot;Intern&quot;","block_context":{"text":"Intern","link":"https:\/\/dorf-hexen.de\/wp\/category\/interne-news\/"},"img":{"alt_text":"","src":"https:\/\/i0.wp.com\/dorf-hexen.de\/wp\/wp-content\/uploads\/2025\/01\/WhatsApp-Image-2024-12-27-at-10.16.08.jpeg?fit=861%2C1200&ssl=1&resize=350%2C200","width":350,"height":200,"srcset":"https:\/\/i0.wp.com\/dorf-hexen.de\/wp\/wp-content\/uploads\/2025\/01\/WhatsApp-Image-2024-12-27-at-10.16.08.jpeg?fit=861%2C1200&ssl=1&resize=350%2C200 1x, https:\/\/i0.wp.com\/dorf-hexen.de\/wp\/wp-content\/uploads\/2025\/01\/WhatsApp-Image-2024-12-27-at-10.16.08.jpeg?fit=861%2C1200&ssl=1&resize=525%2C300 1.5x, https:\/\/i0.wp.com\/dorf-hexen.de\/wp\/wp-content\/uploads\/2025\/01\/WhatsApp-Image-2024-12-27-at-10.16.08.jpeg?fit=861%2C1200&ssl=1&resize=700%2C400 2x"},"classes":[]}],"_links":{"self":[{"href":"https:\/\/dorf-hexen.de\/wp\/wp-json\/wp\/v2\/posts\/461","targetHints":{"allow":["GET"]}}],"collection":[{"href":"https:\/\/dorf-hexen.de\/wp\/wp-json\/wp\/v2\/posts"}],"about":[{"href":"https:\/\/dorf-hexen.de\/wp\/wp-json\/wp\/v2\/types\/post"}],"author":[{"embeddable":true,"href":"https:\/\/dorf-hexen.de\/wp\/wp-json\/wp\/v2\/users\/1"}],"replies":[{"embeddable":true,"href":"https:\/\/dorf-hexen.de\/wp\/wp-json\/wp\/v2\/comments?post=461"}],"version-history":[{"count":0,"href":"https:\/\/dorf-hexen.de\/wp\/wp-json\/wp\/v2\/posts\/461\/revisions"}],"wp:featuredmedia":[{"embeddable":true,"href":"https:\/\/dorf-hexen.de\/wp\/wp-json\/wp\/v2\/media\/456"}],"wp:attachment":[{"href":"https:\/\/dorf-hexen.de\/wp\/wp-json\/wp\/v2\/media?parent=461"}],"wp:term":[{"taxonomy":"category","embeddable":true,"href":"https:\/\/dorf-hexen.de\/wp\/wp-json\/wp\/v2\/categories?post=461"},{"taxonomy":"post_tag","embeddable":true,"href":"https:\/\/dorf-hexen.de\/wp\/wp-json\/wp\/v2\/tags?post=461"}],"curies":[{"name":"wp","href":"https:\/\/api.w.org\/{rel}","templated":true}]}}