{"id":3589,"date":"2023-09-05T09:40:52","date_gmt":"2023-09-05T07:40:52","guid":{"rendered":"https:\/\/dorf-hexen.de\/wp\/?p=3589"},"modified":"2023-09-05T09:50:50","modified_gmt":"2023-09-05T07:50:50","slug":"sommerfest-2023","status":"publish","type":"post","link":"https:\/\/dorf-hexen.de\/wp\/2023\/09\/05\/sommerfest-2023\/","title":{"rendered":"Sommerfest 2023"},"content":{"rendered":"\n<p>Liebe Hexengemeinde,<br>zu unserem Sommerfest am 9.9.2023 laden wir euch recht herzlich ein.<\/p>\n\n\n\n<p>Feiert mit uns und genie\u00dft in gem\u00fctlicher Atmosph\u00e4re das letzte Sommerferien-Wochenende.<\/p>\n\n\n\n<p>F\u00fcr Speis und Trank, sowie reichlich Action ist gesorgt!<br>Start ist ab 16 Uhr auf dem Gel\u00e4nde des SV Kolbingen.<\/p>\n\n\n\n<p>Wir freuen uns auf euer Kommen.<br>Euer<br>Hexenrat<\/p>\n\n\n<div class=\"wp-block-image\">\n<figure class=\"aligncenter size-full\"><img data-recalc-dims=\"1\" loading=\"lazy\" decoding=\"async\" width=\"730\" height=\"1024\" data-attachment-id=\"3590\" data-permalink=\"https:\/\/dorf-hexen.de\/wp\/2023\/09\/05\/sommerfest-2023\/whatsapp-image-2023-08-14-at-19-03-07\/\" data-orig-file=\"https:\/\/i0.wp.com\/dorf-hexen.de\/wp\/wp-content\/uploads\/2023\/09\/WhatsApp-Image-2023-08-14-at-19.03.07.jpeg?fit=730%2C1024&amp;ssl=1\" data-orig-size=\"730,1024\" data-comments-opened=\"0\" data-image-meta=\"{&quot;aperture&quot;:&quot;0&quot;,&quot;credit&quot;:&quot;&quot;,&quot;camera&quot;:&quot;&quot;,&quot;caption&quot;:&quot;&quot;,&quot;created_timestamp&quot;:&quot;0&quot;,&quot;copyright&quot;:&quot;&quot;,&quot;focal_length&quot;:&quot;0&quot;,&quot;iso&quot;:&quot;0&quot;,&quot;shutter_speed&quot;:&quot;0&quot;,&quot;title&quot;:&quot;&quot;,&quot;orientation&quot;:&quot;0&quot;}\" data-image-title=\"WhatsApp-Image-2023-08-14-at-19.03.07\" data-image-description=\"\" data-image-caption=\"\" data-large-file=\"https:\/\/i0.wp.com\/dorf-hexen.de\/wp\/wp-content\/uploads\/2023\/09\/WhatsApp-Image-2023-08-14-at-19.03.07.jpeg?fit=730%2C1024&amp;ssl=1\" src=\"https:\/\/i0.wp.com\/dorf-hexen.de\/wp\/wp-content\/uploads\/2023\/09\/WhatsApp-Image-2023-08-14-at-19.03.07.jpeg?resize=730%2C1024&#038;ssl=1\" alt=\"\" class=\"wp-image-3590\" srcset=\"https:\/\/i0.wp.com\/dorf-hexen.de\/wp\/wp-content\/uploads\/2023\/09\/WhatsApp-Image-2023-08-14-at-19.03.07.jpeg?w=730&amp;ssl=1 730w, https:\/\/i0.wp.com\/dorf-hexen.de\/wp\/wp-content\/uploads\/2023\/09\/WhatsApp-Image-2023-08-14-at-19.03.07.jpeg?resize=214%2C300&amp;ssl=1 214w\" sizes=\"auto, (max-width: 730px) 100vw, 730px\" \/><\/figure>\n<\/div>","protected":false},"excerpt":{"rendered":"<p>Liebe Hexengemeinde,zu unserem Sommerfest am 9.9.2023 laden wir euch recht herzlich ein. Feiert mit uns und genie\u00dft in gem\u00fctlicher Atmosph\u00e4re das letzte Sommerferien-Wochenende. F\u00fcr Speis und Trank, sowie reichlich Action ist gesorgt!Start ist ab 16 Uhr auf dem Gel\u00e4nde des SV Kolbingen. Wir freuen uns auf euer Kommen.EuerHexenrat<\/p>\n","protected":false},"author":1,"featured_media":3590,"comment_status":"closed","ping_status":"closed","sticky":false,"template":"","format":"standard","meta":{"jetpack_post_was_ever_published":false,"_jetpack_newsletter_access":"","_jetpack_dont_email_post_to_subs":false,"_jetpack_newsletter_tier_id":0,"_jetpack_memberships_contains_paywalled_content":false,"_jetpack_memberships_contains_paid_content":false,"footnotes":"","jetpack_publicize_message":"","jetpack_publicize_feature_enabled":true,"jetpack_social_post_already_shared":true,"jetpack_social_options":{"image_generator_settings":{"template":"highway","default_image_id":0,"font":"","enabled":false},"version":2}},"categories":[4],"tags":[],"class_list":["post-3589","post","type-post","status-publish","format-standard","has-post-thumbnail","hentry","category-news"],"jetpack_publicize_connections":[],"jetpack_featured_media_url":"https:\/\/i0.wp.com\/dorf-hexen.de\/wp\/wp-content\/uploads\/2023\/09\/WhatsApp-Image-2023-08-14-at-19.03.07.jpeg?fit=730%2C1024&ssl=1","jetpack_sharing_enabled":true,"jetpack_shortlink":"https:\/\/wp.me\/pazqg3-VT","jetpack-related-posts":[{"id":6749,"url":"https:\/\/dorf-hexen.de\/wp\/2024\/08\/27\/sommerfest-2024\/","url_meta":{"origin":3589,"position":0},"title":"Sommerfest 2024","author":"Medienhex","date":"27. August 2024","format":false,"excerpt":"Hallo und guten Tag wehrte Hexengemeinde. Zu unserem diesj\u00e4hrigen Sommerfest am 08.09. laden wir Euch ab 11 Uhr herzlich an die Festbuche ein. Zudem werden wir einen Besenworkshop anbieten. Damit wir auf die kommende Saison die geilsten Vorzeigebesen pr\u00e4sentieren k\u00f6nnen.Zum Workshop meldet Euch, egal ob jung oder alt, bitte an.\u2026","rel":"","context":"In &quot;Intern&quot;","block_context":{"text":"Intern","link":"https:\/\/dorf-hexen.de\/wp\/category\/interne-news\/"},"img":{"alt_text":"Sommerfest 2024","src":"https:\/\/i0.wp.com\/dorf-hexen.de\/wp\/wp-content\/uploads\/2024\/09\/Bildschirmfoto-2024-09-01-um-09.17.48.png?fit=917%2C1200&ssl=1&resize=350%2C200","width":350,"height":200,"srcset":"https:\/\/i0.wp.com\/dorf-hexen.de\/wp\/wp-content\/uploads\/2024\/09\/Bildschirmfoto-2024-09-01-um-09.17.48.png?fit=917%2C1200&ssl=1&resize=350%2C200 1x, https:\/\/i0.wp.com\/dorf-hexen.de\/wp\/wp-content\/uploads\/2024\/09\/Bildschirmfoto-2024-09-01-um-09.17.48.png?fit=917%2C1200&ssl=1&resize=525%2C300 1.5x, https:\/\/i0.wp.com\/dorf-hexen.de\/wp\/wp-content\/uploads\/2024\/09\/Bildschirmfoto-2024-09-01-um-09.17.48.png?fit=917%2C1200&ssl=1&resize=700%2C400 2x"},"classes":[]},{"id":829,"url":"https:\/\/dorf-hexen.de\/wp\/2021\/09\/11\/sommerfest-12-09-2021\/","url_meta":{"origin":3589,"position":1},"title":"Sommerfest 12.09.2021","author":"Medienhex","date":"11. September 2021","format":false,"excerpt":"Wir sind bereit f\u00fcr das morgige Sommerfest der Dorfhexen Kolbingen e.V. Wir freuen uns riesig in der momentanen Situation wenigstens ein klein bisschen Vereinsleben zu haben. Alle anwesenden Mitglieder bekommen feierlich die lang ersehnten neuen Sch\u00fcrzen und Kopft\u00fccher der offiziellen Vereinshexe! Nur das Original tr\u00e4gt das offizielle Wappen von Kolbingen.\u2026","rel":"","context":"In &quot;Allgemein&quot;","block_context":{"text":"Allgemein","link":"https:\/\/dorf-hexen.de\/wp\/category\/allgemein\/"},"img":{"alt_text":"H\u00e4s Kolbinger Dorfhexen e.V.","src":"https:\/\/i0.wp.com\/dorf-hexen.de\/wp\/wp-content\/uploads\/2021\/09\/WhatsApp-Image-2021-09-11-at-19.50.56.jpeg?fit=1200%2C900&ssl=1&resize=350%2C200","width":350,"height":200,"srcset":"https:\/\/i0.wp.com\/dorf-hexen.de\/wp\/wp-content\/uploads\/2021\/09\/WhatsApp-Image-2021-09-11-at-19.50.56.jpeg?fit=1200%2C900&ssl=1&resize=350%2C200 1x, https:\/\/i0.wp.com\/dorf-hexen.de\/wp\/wp-content\/uploads\/2021\/09\/WhatsApp-Image-2021-09-11-at-19.50.56.jpeg?fit=1200%2C900&ssl=1&resize=525%2C300 1.5x, https:\/\/i0.wp.com\/dorf-hexen.de\/wp\/wp-content\/uploads\/2021\/09\/WhatsApp-Image-2021-09-11-at-19.50.56.jpeg?fit=1200%2C900&ssl=1&resize=700%2C400 2x, https:\/\/i0.wp.com\/dorf-hexen.de\/wp\/wp-content\/uploads\/2021\/09\/WhatsApp-Image-2021-09-11-at-19.50.56.jpeg?fit=1200%2C900&ssl=1&resize=1050%2C600 3x"},"classes":[]},{"id":862,"url":"https:\/\/dorf-hexen.de\/wp\/2022\/01\/07\/fasnachtsbaumchallenge\/","url_meta":{"origin":3589,"position":2},"title":"Fasnachtsbaumchallenge","author":"Medienhex","date":"7. Januar 2022","format":false,"excerpt":"Endlich ist es soweit, wenn auch dieses Jahr wieder etwas anders als sonst. Wie schon vor ein paar Tagen erw\u00e4hnt, starten wir in die zweite Runde von: #vomweihnachtsbaumzumnarrenbaum# Narrenbaum Challenge Ab jetzt k\u00f6nnt ihr euren Weihnachtsbaum umbauen und uns das Ergebnis auf info at dorf-hexen.de einsenden. Gerne d\u00fcrft ihr eure\u2026","rel":"","context":"In &quot;News&quot;","block_context":{"text":"News","link":"https:\/\/dorf-hexen.de\/wp\/category\/news\/"},"img":{"alt_text":"#vomweihnachtsbaumzumnarrenbaum","src":"https:\/\/i0.wp.com\/dorf-hexen.de\/wp\/wp-content\/uploads\/2022\/01\/Anleitung-2022.png?fit=848%2C1200&ssl=1&resize=350%2C200","width":350,"height":200,"srcset":"https:\/\/i0.wp.com\/dorf-hexen.de\/wp\/wp-content\/uploads\/2022\/01\/Anleitung-2022.png?fit=848%2C1200&ssl=1&resize=350%2C200 1x, https:\/\/i0.wp.com\/dorf-hexen.de\/wp\/wp-content\/uploads\/2022\/01\/Anleitung-2022.png?fit=848%2C1200&ssl=1&resize=525%2C300 1.5x, https:\/\/i0.wp.com\/dorf-hexen.de\/wp\/wp-content\/uploads\/2022\/01\/Anleitung-2022.png?fit=848%2C1200&ssl=1&resize=700%2C400 2x"},"classes":[]},{"id":3954,"url":"https:\/\/dorf-hexen.de\/wp\/2023\/10\/15\/die-dorfhexen-kolbingen-e-v-wachsen\/","url_meta":{"origin":3589,"position":3},"title":"Die Dorfhexen Kolbingen e.V. wachsen","author":"Medienhex","date":"15. Oktober 2023","format":false,"excerpt":"Der Zuwachs der Dorfhexen Kolbingen e.V. ist ungebrochen. Trotz der Neugr\u00fcndung w\u00e4hrend Corona sind die Mitgliedszahlen der Dorfhexen Kolbingen e.V. stetig gewachsen. Neben vielen Althexen konnten wir auch einen ernormen Zugewinn an Neuhexen erleben. Aktuell bestehen die Dorfhexen Kolbingen e.V. aus 151 aktiven Mitgliedern (\u00fcber 16 Jahren) und 45 Kindern\u2026","rel":"","context":"In &quot;Intern&quot;","block_context":{"text":"Intern","link":"https:\/\/dorf-hexen.de\/wp\/category\/interne-news\/"},"img":{"alt_text":"","src":"https:\/\/i0.wp.com\/dorf-hexen.de\/wp\/wp-content\/uploads\/2023\/01\/IMG_0535.jpg?fit=1200%2C904&ssl=1&resize=350%2C200","width":350,"height":200,"srcset":"https:\/\/i0.wp.com\/dorf-hexen.de\/wp\/wp-content\/uploads\/2023\/01\/IMG_0535.jpg?fit=1200%2C904&ssl=1&resize=350%2C200 1x, https:\/\/i0.wp.com\/dorf-hexen.de\/wp\/wp-content\/uploads\/2023\/01\/IMG_0535.jpg?fit=1200%2C904&ssl=1&resize=525%2C300 1.5x, https:\/\/i0.wp.com\/dorf-hexen.de\/wp\/wp-content\/uploads\/2023\/01\/IMG_0535.jpg?fit=1200%2C904&ssl=1&resize=700%2C400 2x, https:\/\/i0.wp.com\/dorf-hexen.de\/wp\/wp-content\/uploads\/2023\/01\/IMG_0535.jpg?fit=1200%2C904&ssl=1&resize=1050%2C600 3x"},"classes":[]},{"id":443,"url":"https:\/\/dorf-hexen.de\/wp\/2021\/02\/01\/aktion-narrenbaum\/","url_meta":{"origin":3589,"position":4},"title":"Aktion Narrenbaum","author":"Medienhex","date":"1. Februar 2021","format":false,"excerpt":"Die hexeninterne Aktion \"Weihnachtsbaum zu Narrenbaum\" ist vorr\u00fcber. Wir gratulieren an dieser Stelle nochmals den Gewinnern und bedanken uns f\u00fcr die tolle Aktion auf Instagram und Facebook. F\u00fcr die Gewinner gab es ein Fasnachts\u00fcberlebenspaket mit Hexenbasecap, Konfetti to go, Gutsle, Luftballons und etwas zu trinken. Viel Spass mit eurem Gewinn.","rel":"","context":"In &quot;Allgemein&quot;","block_context":{"text":"Allgemein","link":"https:\/\/dorf-hexen.de\/wp\/category\/allgemein\/"},"img":{"alt_text":"","src":"https:\/\/i0.wp.com\/dorf-hexen.de\/wp\/wp-content\/uploads\/2021\/02\/IMG_3525.jpg?fit=758%2C758&ssl=1&resize=350%2C200","width":350,"height":200,"srcset":"https:\/\/i0.wp.com\/dorf-hexen.de\/wp\/wp-content\/uploads\/2021\/02\/IMG_3525.jpg?fit=758%2C758&ssl=1&resize=350%2C200 1x, https:\/\/i0.wp.com\/dorf-hexen.de\/wp\/wp-content\/uploads\/2021\/02\/IMG_3525.jpg?fit=758%2C758&ssl=1&resize=525%2C300 1.5x, https:\/\/i0.wp.com\/dorf-hexen.de\/wp\/wp-content\/uploads\/2021\/02\/IMG_3525.jpg?fit=758%2C758&ssl=1&resize=700%2C400 2x"},"classes":[]},{"id":4624,"url":"https:\/\/dorf-hexen.de\/wp\/2023\/11\/16\/vorankuendigung-hexennacht-2025\/","url_meta":{"origin":3589,"position":5},"title":"Vorank\u00fcndigung Hexennacht 2025","author":"Medienhex","date":"16. November 2023","format":false,"excerpt":"Am 08.02.2025 findet wieder unsere legend\u00e4re Hexennacht statt. Dieses Mal l\u00e4uft die Organisation komplett \u00fcber uns. Dies bedeutet, dass wir auf alle Mitglieder angewiesen sind und z\u00e4hlen! Achtung Pflichtveranstaltung f\u00fcr Vereinsmitglieder!! Bitte merke Dir diesen Termin bereits vor. Wir werden nun nach und nach f\u00fcr verschiedenste Helfergruppen Listen verteilen, in\u2026","rel":"","context":"In &quot;Intern&quot;","block_context":{"text":"Intern","link":"https:\/\/dorf-hexen.de\/wp\/category\/interne-news\/"},"img":{"alt_text":"","src":"https:\/\/i0.wp.com\/dorf-hexen.de\/wp\/wp-content\/uploads\/2023\/12\/HK_25_05.jpeg?fit=1200%2C675&ssl=1&resize=350%2C200","width":350,"height":200,"srcset":"https:\/\/i0.wp.com\/dorf-hexen.de\/wp\/wp-content\/uploads\/2023\/12\/HK_25_05.jpeg?fit=1200%2C675&ssl=1&resize=350%2C200 1x, https:\/\/i0.wp.com\/dorf-hexen.de\/wp\/wp-content\/uploads\/2023\/12\/HK_25_05.jpeg?fit=1200%2C675&ssl=1&resize=525%2C300 1.5x, https:\/\/i0.wp.com\/dorf-hexen.de\/wp\/wp-content\/uploads\/2023\/12\/HK_25_05.jpeg?fit=1200%2C675&ssl=1&resize=700%2C400 2x, https:\/\/i0.wp.com\/dorf-hexen.de\/wp\/wp-content\/uploads\/2023\/12\/HK_25_05.jpeg?fit=1200%2C675&ssl=1&resize=1050%2C600 3x"},"classes":[]}],"_links":{"self":[{"href":"https:\/\/dorf-hexen.de\/wp\/wp-json\/wp\/v2\/posts\/3589","targetHints":{"allow":["GET"]}}],"collection":[{"href":"https:\/\/dorf-hexen.de\/wp\/wp-json\/wp\/v2\/posts"}],"about":[{"href":"https:\/\/dorf-hexen.de\/wp\/wp-json\/wp\/v2\/types\/post"}],"author":[{"embeddable":true,"href":"https:\/\/dorf-hexen.de\/wp\/wp-json\/wp\/v2\/users\/1"}],"replies":[{"embeddable":true,"href":"https:\/\/dorf-hexen.de\/wp\/wp-json\/wp\/v2\/comments?post=3589"}],"version-history":[{"count":0,"href":"https:\/\/dorf-hexen.de\/wp\/wp-json\/wp\/v2\/posts\/3589\/revisions"}],"wp:featuredmedia":[{"embeddable":true,"href":"https:\/\/dorf-hexen.de\/wp\/wp-json\/wp\/v2\/media\/3590"}],"wp:attachment":[{"href":"https:\/\/dorf-hexen.de\/wp\/wp-json\/wp\/v2\/media?parent=3589"}],"wp:term":[{"taxonomy":"category","embeddable":true,"href":"https:\/\/dorf-hexen.de\/wp\/wp-json\/wp\/v2\/categories?post=3589"},{"taxonomy":"post_tag","embeddable":true,"href":"https:\/\/dorf-hexen.de\/wp\/wp-json\/wp\/v2\/tags?post=3589"}],"curies":[{"name":"wp","href":"https:\/\/api.w.org\/{rel}","templated":true}]}}