{"id":1777,"date":"2022-12-09T07:40:28","date_gmt":"2022-12-09T06:40:28","guid":{"rendered":"http:\/\/dorf-hexen.de\/wp\/?p=1777"},"modified":"2023-01-24T20:13:46","modified_gmt":"2023-01-24T19:13:46","slug":"busfahrkarten-2023","status":"publish","type":"post","link":"https:\/\/dorf-hexen.de\/wp\/2022\/12\/09\/busfahrkarten-2023\/","title":{"rendered":"Busfahrkarten 2023"},"content":{"rendered":"\n<p>Ab sofort k\u00f6nnt ihr die Busfahrkarten f\u00fcr die Ausfahrten 2023 verbindlich buchen. Unter <\/p>\n\n\n\n<p class=\"has-text-align-center\"><a href=\"http:\/\/bus.dorf-hexen.de\" data-type=\"URL\" data-id=\"http:\/\/bus.dorf-hexen.de\" target=\"_blank\" rel=\"noreferrer noopener\">bus.dorf-hexen.de <\/a><\/p>\n\n\n\n<p>seht ihr eine Auswahl und k\u00f6nnt direkt f\u00fcr jede Hexennummer separat bestellen.<\/p>\n\n\n\n<p><sub>Foto: (c) Abisag T\u00fcllmann<\/sub><\/p>\n","protected":false},"excerpt":{"rendered":"<p>Ab sofort k\u00f6nnt ihr die Busfahrkarten f\u00fcr die Ausfahrten 2023 verbindlich buchen. Unter bus.dorf-hexen.de seht ihr eine Auswahl und k\u00f6nnt direkt f\u00fcr jede Hexennummer separat bestellen. Foto: (c) Abisag T\u00fcllmann<\/p>\n","protected":false},"author":1,"featured_media":1788,"comment_status":"closed","ping_status":"closed","sticky":false,"template":"","format":"standard","meta":{"jetpack_post_was_ever_published":false,"_jetpack_newsletter_access":"","_jetpack_dont_email_post_to_subs":false,"_jetpack_newsletter_tier_id":0,"_jetpack_memberships_contains_paywalled_content":false,"_jetpack_memberships_contains_paid_content":false,"footnotes":"","jetpack_publicize_message":"","jetpack_publicize_feature_enabled":true,"jetpack_social_post_already_shared":true,"jetpack_social_options":{"image_generator_settings":{"template":"highway","default_image_id":0,"font":"","enabled":false},"version":2}},"categories":[36,4],"tags":[25,23,18],"class_list":["post-1777","post","type-post","status-publish","format-standard","has-post-thumbnail","hentry","category-interne-news","category-news","tag-ausfahrten","tag-busfahrkarte","tag-dorfhexen"],"jetpack_publicize_connections":[],"jetpack_featured_media_url":"https:\/\/i0.wp.com\/dorf-hexen.de\/wp\/wp-content\/uploads\/2022\/12\/bpk_00083276.jpg?fit=1200%2C789&ssl=1","jetpack_sharing_enabled":true,"jetpack_shortlink":"https:\/\/wp.me\/pazqg3-sF","jetpack-related-posts":[{"id":4544,"url":"https:\/\/dorf-hexen.de\/wp\/2023\/12\/07\/bestellportal-bus-ist-aktiv\/","url_meta":{"origin":1777,"position":0},"title":"Bestellportal Bus ist aktiv","author":"Medienhex","date":"7. Dezember 2023","format":false,"excerpt":"Die Busse f\u00fcr die einzelnen Umz\u00fcge und Veranstaltungen k\u00f6nnen ab sofort vorbestellt werden. Wie gehabt k\u00f6nnt ihr unter bus.dorf-hexen.de euren Sitzplatz reservieren. Bitte PRO Hexennummer ein Formular ausf\u00fcllen. Der Preis pro Ticket betr\u00e4gt 10\u20ac, alle weiteren Kosten werden vom Verein \u00fcbernommen. HINWEIS: Die abfahrtszeiten m\u00fcssen zwingend eingehalten werden!!","rel":"","context":"In &quot;Intern&quot;","block_context":{"text":"Intern","link":"https:\/\/dorf-hexen.de\/wp\/category\/interne-news\/"},"img":{"alt_text":"(c) Abisag T\u00fcllmann","src":"https:\/\/i0.wp.com\/dorf-hexen.de\/wp\/wp-content\/uploads\/2022\/12\/bpk_00083276.jpg?fit=1200%2C789&ssl=1&resize=350%2C200","width":350,"height":200,"srcset":"https:\/\/i0.wp.com\/dorf-hexen.de\/wp\/wp-content\/uploads\/2022\/12\/bpk_00083276.jpg?fit=1200%2C789&ssl=1&resize=350%2C200 1x, https:\/\/i0.wp.com\/dorf-hexen.de\/wp\/wp-content\/uploads\/2022\/12\/bpk_00083276.jpg?fit=1200%2C789&ssl=1&resize=525%2C300 1.5x, https:\/\/i0.wp.com\/dorf-hexen.de\/wp\/wp-content\/uploads\/2022\/12\/bpk_00083276.jpg?fit=1200%2C789&ssl=1&resize=700%2C400 2x, https:\/\/i0.wp.com\/dorf-hexen.de\/wp\/wp-content\/uploads\/2022\/12\/bpk_00083276.jpg?fit=1200%2C789&ssl=1&resize=1050%2C600 3x"},"classes":[]},{"id":7099,"url":"https:\/\/dorf-hexen.de\/wp\/2024\/12\/03\/hexenflugplan-2025\/","url_meta":{"origin":1777,"position":1},"title":"Hexenflugplan 2025","author":"Medienhex","date":"3. Dezember 2024","format":false,"excerpt":"Ab sofort steht der Hexenflugplan 2025. Wie gehabt k\u00f6nnt ihr euch unter bus.dorf-hexen.de ein Busticket sichen.","rel":"","context":"In &quot;Intern&quot;","block_context":{"text":"Intern","link":"https:\/\/dorf-hexen.de\/wp\/category\/interne-news\/"},"img":{"alt_text":"","src":"https:\/\/i0.wp.com\/dorf-hexen.de\/wp\/wp-content\/uploads\/2024\/12\/25_Hexenflugplan.png?fit=984%2C1086&ssl=1&resize=350%2C200","width":350,"height":200,"srcset":"https:\/\/i0.wp.com\/dorf-hexen.de\/wp\/wp-content\/uploads\/2024\/12\/25_Hexenflugplan.png?fit=984%2C1086&ssl=1&resize=350%2C200 1x, https:\/\/i0.wp.com\/dorf-hexen.de\/wp\/wp-content\/uploads\/2024\/12\/25_Hexenflugplan.png?fit=984%2C1086&ssl=1&resize=525%2C300 1.5x, https:\/\/i0.wp.com\/dorf-hexen.de\/wp\/wp-content\/uploads\/2024\/12\/25_Hexenflugplan.png?fit=984%2C1086&ssl=1&resize=700%2C400 2x"},"classes":[]},{"id":2318,"url":"https:\/\/dorf-hexen.de\/wp\/2022\/12\/30\/abfahrtszeiten-busse-fasnet-2023\/","url_meta":{"origin":1777,"position":2},"title":"Abfahrtszeiten Busse Fasnet 2023","author":"Medienhex","date":"30. Dezember 2022","format":false,"excerpt":"Anbei die unverbindlichen Abfahrtszeiten der Busse zu den einzelnen Veranstaltungen: M\u00f6hringen am 07.01.2023 Abfahrt 18:00 Uhr, R\u00fcckfahrt ca. 01:00 Uhr Heinstetten am 14.01.2023 Abfahrt 17:30 Uhr, R\u00fcckfahrt ca. 01:00 Uhr Kreenheinstetten am 20.01.2023 Abfahrt ca. 17:00 Uhr, R\u00fcckfahrt ca. 01:00 Uhr Kreenheinstetten am 22.01.2023 Abfahrt 10:15 Uhr, R\u00fcckfahrt ca. 18:30\u2026","rel":"","context":"In &quot;Allgemein&quot;","block_context":{"text":"Allgemein","link":"https:\/\/dorf-hexen.de\/wp\/category\/allgemein\/"},"img":{"alt_text":"(c) Abisag T\u00fcllmann","src":"https:\/\/i0.wp.com\/dorf-hexen.de\/wp\/wp-content\/uploads\/2022\/12\/bpk_00083276.jpg?fit=1200%2C789&ssl=1&resize=350%2C200","width":350,"height":200,"srcset":"https:\/\/i0.wp.com\/dorf-hexen.de\/wp\/wp-content\/uploads\/2022\/12\/bpk_00083276.jpg?fit=1200%2C789&ssl=1&resize=350%2C200 1x, https:\/\/i0.wp.com\/dorf-hexen.de\/wp\/wp-content\/uploads\/2022\/12\/bpk_00083276.jpg?fit=1200%2C789&ssl=1&resize=525%2C300 1.5x, https:\/\/i0.wp.com\/dorf-hexen.de\/wp\/wp-content\/uploads\/2022\/12\/bpk_00083276.jpg?fit=1200%2C789&ssl=1&resize=700%2C400 2x, https:\/\/i0.wp.com\/dorf-hexen.de\/wp\/wp-content\/uploads\/2022\/12\/bpk_00083276.jpg?fit=1200%2C789&ssl=1&resize=1050%2C600 3x"},"classes":[]},{"id":2809,"url":"https:\/\/dorf-hexen.de\/wp\/2023\/01\/29\/umzuege-spaichingen-und-aldingen\/","url_meta":{"origin":1777,"position":3},"title":"Spaichingen und Aldingen 2023","author":"Medienhex","date":"29. Januar 2023","format":false,"excerpt":"\u2764\ufe0f\ud83d\udda4\ud83d\udc9a Vielen Dank an die Z\u00fcnfte aus Spaichingen und Aldingen f\u00fcr das grandiose Wochenende... \" Tage Dorfhexen mit Nachtumzug in Spaichingen und Umzug in Aldingen. Wir hatten mega Spa\u00df und freuen uns wieder zu kommen. \u2764\ufe0f\ud83d\udda4\ud83d\udc9a","rel":"","context":"In &quot;News&quot;","block_context":{"text":"News","link":"https:\/\/dorf-hexen.de\/wp\/category\/news\/"},"img":{"alt_text":"","src":"https:\/\/i0.wp.com\/dorf-hexen.de\/wp\/wp-content\/uploads\/2023\/01\/Umzug_Spaichingen-02_2023-01-29.jpeg?fit=904%2C1200&ssl=1&resize=350%2C200","width":350,"height":200,"srcset":"https:\/\/i0.wp.com\/dorf-hexen.de\/wp\/wp-content\/uploads\/2023\/01\/Umzug_Spaichingen-02_2023-01-29.jpeg?fit=904%2C1200&ssl=1&resize=350%2C200 1x, https:\/\/i0.wp.com\/dorf-hexen.de\/wp\/wp-content\/uploads\/2023\/01\/Umzug_Spaichingen-02_2023-01-29.jpeg?fit=904%2C1200&ssl=1&resize=525%2C300 1.5x, https:\/\/i0.wp.com\/dorf-hexen.de\/wp\/wp-content\/uploads\/2023\/01\/Umzug_Spaichingen-02_2023-01-29.jpeg?fit=904%2C1200&ssl=1&resize=700%2C400 2x"},"classes":[]},{"id":2932,"url":"https:\/\/dorf-hexen.de\/wp\/2023\/02\/07\/rottweil-und-albstadt-2023\/","url_meta":{"origin":1777,"position":4},"title":"Rottweil und Albstadt 2023","author":"Medienhex","date":"7. Februar 2023","format":false,"excerpt":"Was f\u00fcr ein grandioses Umzugswochenende. Der Nachtumzug in Rottweil konnte bei sch\u00f6nstem Nachtwetter gelaufen werden und die Stimmung war super. Nicht so toll war das Wetter dann am Sonntag in Albstadt. Bei romantischem Schneetreiben waren wir beim Alb-Lauchert-Ring zu Gast. Wir haben uns wacker dem Wetter geschlagen!","rel":"","context":"In &quot;News&quot;","block_context":{"text":"News","link":"https:\/\/dorf-hexen.de\/wp\/category\/news\/"},"img":{"alt_text":"","src":"https:\/\/i0.wp.com\/dorf-hexen.de\/wp\/wp-content\/uploads\/2023\/02\/Dorfhexen_Albstadt_2023-e1675750409284.jpeg?fit=768%2C852&ssl=1&resize=350%2C200","width":350,"height":200,"srcset":"https:\/\/i0.wp.com\/dorf-hexen.de\/wp\/wp-content\/uploads\/2023\/02\/Dorfhexen_Albstadt_2023-e1675750409284.jpeg?fit=768%2C852&ssl=1&resize=350%2C200 1x, https:\/\/i0.wp.com\/dorf-hexen.de\/wp\/wp-content\/uploads\/2023\/02\/Dorfhexen_Albstadt_2023-e1675750409284.jpeg?fit=768%2C852&ssl=1&resize=525%2C300 1.5x, https:\/\/i0.wp.com\/dorf-hexen.de\/wp\/wp-content\/uploads\/2023\/02\/Dorfhexen_Albstadt_2023-e1675750409284.jpeg?fit=768%2C852&ssl=1&resize=700%2C400 2x"},"classes":[]},{"id":2829,"url":"https:\/\/dorf-hexen.de\/wp\/2023\/01\/30\/umzuege-rottweil-und-albstadt\/","url_meta":{"origin":1777,"position":5},"title":"Umz\u00fcge Rottweil und Albstadt","author":"Medienhex","date":"30. Januar 2023","format":false,"excerpt":"Am kommenden Wochenende machen wir am Samstag Rottweil unsicher und am Sonntag muss sich Albstadt warm anziehen!! In Rottweil starten wir mit der Nummer 81, bitte findet euch p\u00fcnktlich, vor Umzugsbeginn am Treffpunkt ein. Danach steigt die legend\u00e4re Hexenparty in der Stadthalle. Reichstadthexen, wir kommen... Am Sonntag findet dann der\u2026","rel":"","context":"In &quot;Intern&quot;","block_context":{"text":"Intern","link":"https:\/\/dorf-hexen.de\/wp\/category\/interne-news\/"},"img":{"alt_text":"","src":"https:\/\/i0.wp.com\/dorf-hexen.de\/wp\/wp-content\/uploads\/2023\/01\/Uffbasse_jetz_isch_fasnet.jpg?fit=1200%2C861&ssl=1&resize=350%2C200","width":350,"height":200,"srcset":"https:\/\/i0.wp.com\/dorf-hexen.de\/wp\/wp-content\/uploads\/2023\/01\/Uffbasse_jetz_isch_fasnet.jpg?fit=1200%2C861&ssl=1&resize=350%2C200 1x, https:\/\/i0.wp.com\/dorf-hexen.de\/wp\/wp-content\/uploads\/2023\/01\/Uffbasse_jetz_isch_fasnet.jpg?fit=1200%2C861&ssl=1&resize=525%2C300 1.5x, https:\/\/i0.wp.com\/dorf-hexen.de\/wp\/wp-content\/uploads\/2023\/01\/Uffbasse_jetz_isch_fasnet.jpg?fit=1200%2C861&ssl=1&resize=700%2C400 2x, https:\/\/i0.wp.com\/dorf-hexen.de\/wp\/wp-content\/uploads\/2023\/01\/Uffbasse_jetz_isch_fasnet.jpg?fit=1200%2C861&ssl=1&resize=1050%2C600 3x"},"classes":[]}],"_links":{"self":[{"href":"https:\/\/dorf-hexen.de\/wp\/wp-json\/wp\/v2\/posts\/1777","targetHints":{"allow":["GET"]}}],"collection":[{"href":"https:\/\/dorf-hexen.de\/wp\/wp-json\/wp\/v2\/posts"}],"about":[{"href":"https:\/\/dorf-hexen.de\/wp\/wp-json\/wp\/v2\/types\/post"}],"author":[{"embeddable":true,"href":"https:\/\/dorf-hexen.de\/wp\/wp-json\/wp\/v2\/users\/1"}],"replies":[{"embeddable":true,"href":"https:\/\/dorf-hexen.de\/wp\/wp-json\/wp\/v2\/comments?post=1777"}],"version-history":[{"count":0,"href":"https:\/\/dorf-hexen.de\/wp\/wp-json\/wp\/v2\/posts\/1777\/revisions"}],"wp:featuredmedia":[{"embeddable":true,"href":"https:\/\/dorf-hexen.de\/wp\/wp-json\/wp\/v2\/media\/1788"}],"wp:attachment":[{"href":"https:\/\/dorf-hexen.de\/wp\/wp-json\/wp\/v2\/media?parent=1777"}],"wp:term":[{"taxonomy":"category","embeddable":true,"href":"https:\/\/dorf-hexen.de\/wp\/wp-json\/wp\/v2\/categories?post=1777"},{"taxonomy":"post_tag","embeddable":true,"href":"https:\/\/dorf-hexen.de\/wp\/wp-json\/wp\/v2\/tags?post=1777"}],"curies":[{"name":"wp","href":"https:\/\/api.w.org\/{rel}","templated":true}]}}